{"id":101046,"date":"2026-03-09T08:47:37","date_gmt":"2026-03-09T07:47:37","guid":{"rendered":"https:\/\/www.fotocasa.es\/fotocasa-life\/?p=101046"},"modified":"2026-03-09T08:47:37","modified_gmt":"2026-03-09T07:47:37","slug":"que-pasa-con-plan-estatal-vivienda-gobierno-confia-aprobarlo-antes-de-mayo","status":"publish","type":"post","link":"https:\/\/www.fotocasa.es\/fotocasa-life\/sector\/que-pasa-con-plan-estatal-vivienda-gobierno-confia-aprobarlo-antes-de-mayo\/","title":{"rendered":"\u00bfQu\u00e9 pasa con el Plan Estatal de Vivienda? El Gobierno conf\u00eda en aprobarlo antes de mayo"},"content":{"rendered":"<p>En los \u00faltimos meses se han sucedido los anuncios sobre nuevas <a href=\"https:\/\/www.fotocasa.es\/fotocasa-life\/subvenciones\/todas-las-ayudas-y-subvenciones-para-comprar-y-alquilar-casa-en-espana\/\">ayudas a la vivienda<\/a>: incentivos a la rehabilitaci\u00f3n, planes para ampliar el parque p\u00fablico o programas dirigidos a j\u00f3venes. Sin embargo, muchas de estas medidas dependen de un instrumento clave que a\u00fan no est\u00e1 aprobado: el nuevo <strong>Plan Estatal de Vivienda<\/strong>.<\/p>\n<p>Este plan es la hoja de ruta que permite activar y financiar gran parte de las ayudas estatales en materia de vivienda. Y aunque deb\u00eda entrar en vigor en enero de 2026, <strong>su aprobaci\u00f3n sigue pendiente<\/strong>.<\/p>\n<p><!--more--><\/p>\n","protected":false},"excerpt":{"rendered":"<p>El Plan Estatal de Vivienda 2026-2030 sigue pendiente. El Ejecutivo prev\u00e9 aprobarlo en primavera tras retrasos por la negociaci\u00f3n con las comunidades<\/p>\n","protected":false},"author":284,"featured_media":101047,"comment_status":"open","ping_status":"closed","sticky":false,"template":"","format":"standard","meta":{"_lmt_disableupdate":"yes","_lmt_disable":"","footnotes":""},"categories":[2327],"tags":[1859,3919,2615,647,4384,648,583,2302],"class_list":["post-101046","post","type-post","status-publish","format-standard","has-post-thumbnail","hentry","category-sector","tag-alquiler","tag-ayudas","tag-compra","tag-comunidades-autonomas","tag-gobierno","tag-plan-estatal-de-vivienda","tag-subvenciones","tag-vivienda"],"modified_by":"Joaqu\u00edn Hern\u00e1ndez","_links":{"self":[{"href":"https:\/\/www.fotocasa.es\/fotocasa-life\/wp-json\/wp\/v2\/posts\/101046","targetHints":{"allow":["GET"]}}],"collection":[{"href":"https:\/\/www.fotocasa.es\/fotocasa-life\/wp-json\/wp\/v2\/posts"}],"about":[{"href":"https:\/\/www.fotocasa.es\/fotocasa-life\/wp-json\/wp\/v2\/types\/post"}],"author":[{"embeddable":true,"href":"https:\/\/www.fotocasa.es\/fotocasa-life\/wp-json\/wp\/v2\/users\/284"}],"replies":[{"embeddable":true,"href":"https:\/\/www.fotocasa.es\/fotocasa-life\/wp-json\/wp\/v2\/comments?post=101046"}],"version-history":[{"count":0,"href":"https:\/\/www.fotocasa.es\/fotocasa-life\/wp-json\/wp\/v2\/posts\/101046\/revisions"}],"wp:featuredmedia":[{"embeddable":true,"href":"https:\/\/www.fotocasa.es\/fotocasa-life\/wp-json\/wp\/v2\/media\/101047"}],"wp:attachment":[{"href":"https:\/\/www.fotocasa.es\/fotocasa-life\/wp-json\/wp\/v2\/media?parent=101046"}],"wp:term":[{"taxonomy":"category","embeddable":true,"href":"https:\/\/www.fotocasa.es\/fotocasa-life\/wp-json\/wp\/v2\/categories?post=101046"},{"taxonomy":"post_tag","embeddable":true,"href":"https:\/\/www.fotocasa.es\/fotocasa-life\/wp-json\/wp\/v2\/tags?post=101046"}],"curies":[{"name":"wp","href":"https:\/\/api.w.org\/{rel}","templated":true}]}}