{"id":100893,"date":"2026-03-05T09:50:35","date_gmt":"2026-03-05T08:50:35","guid":{"rendered":"https:\/\/www.fotocasa.es\/fotocasa-life\/?p=100893"},"modified":"2026-03-05T09:50:35","modified_gmt":"2026-03-05T08:50:35","slug":"los-compradores-de-vivienda-como-inversion-caen-cinco-puntos-en-dos-anos-y-se-situan-en-el-8","status":"publish","type":"post","link":"https:\/\/www.fotocasa.es\/fotocasa-life\/compraventa\/los-compradores-de-vivienda-como-inversion-caen-cinco-puntos-en-dos-anos-y-se-situan-en-el-8\/","title":{"rendered":"Los compradores de vivienda como inversi\u00f3n caen cinco puntos en dos a\u00f1os y se sit\u00faan en el 8%"},"content":{"rendered":"<p>La compra de vivienda como inversi\u00f3n por parte de los particulares mantiene en 2025 <a href=\"https:\/\/www.fotocasa.es\/fotocasa-life\/sector\/vivienda-como-inversion-rentable\/\">la tendencia descendente iniciada en ejercicios anteriores<\/a>. Actualmente, solo el 8% de los demandantes de vivienda en propiedad ha adquirido o intentado adquirir un inmueble con <strong>el objetivo de invertir<\/strong>, seg\u00fan los datos analizados en el informe \u00ab<strong>El segmento inversor en el mercado inmobiliario en 2025<\/strong>\u00ab, realizado por Fotocasa Research.<\/p>\n<p>Se trata de un porcentaje que se sit\u00faa <strong>cinco puntos por debajo del registrado en 2023<\/strong>, cuando alcanzaba el 13%, y <strong>dos puntos menos que en 2024<\/strong>, cuando se situaba en el 10%. Este retroceso devuelve el peso de la inversi\u00f3n residencial a niveles muy similares a los de 2022, cuando el porcentaje de compradores con este objetivo era del 7%.<\/p>\n<p><!--more--><\/p>\n","protected":false},"excerpt":{"rendered":"<p>El segmento inversor pierde peso frente a la compra de vivienda habitual en un contexto de menor rentabilidad y mayor incertidumbre regulatoria<\/p>\n","protected":false},"author":182,"featured_media":100896,"comment_status":"open","ping_status":"closed","sticky":false,"template":"","format":"standard","meta":{"_lmt_disableupdate":"yes","_lmt_disable":"","footnotes":""},"categories":[3],"tags":[1859,2615,9096,164,727,226,239,361,10003,14415,2302],"class_list":["post-100893","post","type-post","status-publish","format-standard","has-post-thumbnail","hentry","category-compraventa","tag-alquiler","tag-compra","tag-garaje","tag-inversores","tag-presupuesto","tag-propietarios","tag-rentabilidad","tag-segunda-residencia","tag-seguridad-juridica","tag-servicios","tag-vivienda"],"modified_by":"Joaqu\u00edn Hern\u00e1ndez","_links":{"self":[{"href":"https:\/\/www.fotocasa.es\/fotocasa-life\/wp-json\/wp\/v2\/posts\/100893","targetHints":{"allow":["GET"]}}],"collection":[{"href":"https:\/\/www.fotocasa.es\/fotocasa-life\/wp-json\/wp\/v2\/posts"}],"about":[{"href":"https:\/\/www.fotocasa.es\/fotocasa-life\/wp-json\/wp\/v2\/types\/post"}],"author":[{"embeddable":true,"href":"https:\/\/www.fotocasa.es\/fotocasa-life\/wp-json\/wp\/v2\/users\/182"}],"replies":[{"embeddable":true,"href":"https:\/\/www.fotocasa.es\/fotocasa-life\/wp-json\/wp\/v2\/comments?post=100893"}],"version-history":[{"count":0,"href":"https:\/\/www.fotocasa.es\/fotocasa-life\/wp-json\/wp\/v2\/posts\/100893\/revisions"}],"wp:featuredmedia":[{"embeddable":true,"href":"https:\/\/www.fotocasa.es\/fotocasa-life\/wp-json\/wp\/v2\/media\/100896"}],"wp:attachment":[{"href":"https:\/\/www.fotocasa.es\/fotocasa-life\/wp-json\/wp\/v2\/media?parent=100893"}],"wp:term":[{"taxonomy":"category","embeddable":true,"href":"https:\/\/www.fotocasa.es\/fotocasa-life\/wp-json\/wp\/v2\/categories?post=100893"},{"taxonomy":"post_tag","embeddable":true,"href":"https:\/\/www.fotocasa.es\/fotocasa-life\/wp-json\/wp\/v2\/tags?post=100893"}],"curies":[{"name":"wp","href":"https:\/\/api.w.org\/{rel}","templated":true}]}}