{"id":100811,"date":"2026-03-04T09:50:08","date_gmt":"2026-03-04T08:50:08","guid":{"rendered":"https:\/\/www.fotocasa.es\/fotocasa-life\/?p=100811"},"modified":"2026-03-04T09:50:08","modified_gmt":"2026-03-04T08:50:08","slug":"barrios-barceloneses-finestrelles-la-barceloneta-el-camp-de-larpa-del-clot-mas-caros-alquilar-una-vivienda","status":"publish","type":"post","link":"https:\/\/www.fotocasa.es\/fotocasa-life\/alquiler\/barrios-barceloneses-finestrelles-la-barceloneta-el-camp-de-larpa-del-clot-mas-caros-alquilar-una-vivienda\/","title":{"rendered":"Los barrios barceloneses de Finestrelles, La Barceloneta y El Camp de l&#8217;Arpa del Clot son los m\u00e1s caros de Espa\u00f1a para alquilar una vivienda"},"content":{"rendered":"<p>Los 20 barrios m\u00e1s caros para <a href=\"https:\/\/www.fotocasa.es\/fotocasa-life\/alquiler\/conoce-el-precio-de-la-vivienda-en-alquiler-en-tu-zona\/\">alquilar una vivienda<\/a> en Espa\u00f1a se concentran en <strong>las provincias de Madrid y Barcelona<\/strong>. El barrio de <strong>Finestrelles<\/strong> (Esplugues de Llobregat, Barcelona) se sit\u00faa como la zona con <strong>el precio por metro cuadrado m\u00e1s elevado para alquilar una vivienda<\/strong>, con un valor medio de<strong> 26,66 euros por metro cuadrado<\/strong>, es decir, 1,9 veces el valor del precio medio de Espa\u00f1a (14,21 \u20ac\/m2 en diciembre de 2025), seg\u00fan los datos del \u00cdndice Inmobiliario Fotocasa.<\/p>\n<p><!--more--><\/p>\n","protected":false},"excerpt":{"rendered":"<p>Barcelona alberga cuatro de los siete barrios espa\u00f1oles con precios en la vivienda para alquiler mayores a los 25 euros por metro cuadrado<\/p>\n","protected":false},"author":182,"featured_media":100812,"comment_status":"open","ping_status":"closed","sticky":false,"template":"","format":"standard","meta":{"_lmt_disableupdate":"yes","_lmt_disable":"","footnotes":""},"categories":[2],"tags":[14320,13587,14308,1859,2419,13584,2567,14309,14233,14317,14312,14318,14316,14319,14231,14315,14310,14306,14314,14232,13585,2357,8428,14311,3002,14313,14307,2302],"class_list":["post-100811","post","type-post","status-publish","format-standard","has-post-thumbnail","hentry","category-alquiler","tag-acacias","tag-alicante","tag-almagro","tag-alquiler","tag-barcelona","tag-castellana","tag-cataluna","tag-diagonal-mar-i-el-front-maritim-del-poblenou","tag-el-camp-de-larpa-del-clot","tag-el-poblenou","tag-el-putget-i-el-farro","tag-el-raval","tag-el-viso","tag-embajadores-lavapies","tag-finestrelles","tag-fort-pienc","tag-goya","tag-jaen","tag-justicia-chueca","tag-la-barceloneta","tag-lista","tag-madrid","tag-recoletos","tag-sagrada-familia","tag-salamanca","tag-sant-antoni","tag-trafalgar","tag-vivienda"],"modified_by":"Joaqu\u00edn Hern\u00e1ndez","_links":{"self":[{"href":"https:\/\/www.fotocasa.es\/fotocasa-life\/wp-json\/wp\/v2\/posts\/100811","targetHints":{"allow":["GET"]}}],"collection":[{"href":"https:\/\/www.fotocasa.es\/fotocasa-life\/wp-json\/wp\/v2\/posts"}],"about":[{"href":"https:\/\/www.fotocasa.es\/fotocasa-life\/wp-json\/wp\/v2\/types\/post"}],"author":[{"embeddable":true,"href":"https:\/\/www.fotocasa.es\/fotocasa-life\/wp-json\/wp\/v2\/users\/182"}],"replies":[{"embeddable":true,"href":"https:\/\/www.fotocasa.es\/fotocasa-life\/wp-json\/wp\/v2\/comments?post=100811"}],"version-history":[{"count":0,"href":"https:\/\/www.fotocasa.es\/fotocasa-life\/wp-json\/wp\/v2\/posts\/100811\/revisions"}],"wp:featuredmedia":[{"embeddable":true,"href":"https:\/\/www.fotocasa.es\/fotocasa-life\/wp-json\/wp\/v2\/media\/100812"}],"wp:attachment":[{"href":"https:\/\/www.fotocasa.es\/fotocasa-life\/wp-json\/wp\/v2\/media?parent=100811"}],"wp:term":[{"taxonomy":"category","embeddable":true,"href":"https:\/\/www.fotocasa.es\/fotocasa-life\/wp-json\/wp\/v2\/categories?post=100811"},{"taxonomy":"post_tag","embeddable":true,"href":"https:\/\/www.fotocasa.es\/fotocasa-life\/wp-json\/wp\/v2\/tags?post=100811"}],"curies":[{"name":"wp","href":"https:\/\/api.w.org\/{rel}","templated":true}]}}