{"id":100746,"date":"2026-03-02T07:00:08","date_gmt":"2026-03-02T06:00:08","guid":{"rendered":"https:\/\/www.fotocasa.es\/fotocasa-life\/?p=100746"},"modified":"2026-03-02T07:00:08","modified_gmt":"2026-03-02T06:00:08","slug":"ultimo-dia-para-presentar-el-modelo-informativo-de-arrendamientos-de-corta-duracion-como-hacerlo-paso-a-paso","status":"publish","type":"post","link":"https:\/\/www.fotocasa.es\/fotocasa-life\/alquiler\/ultimo-dia-para-presentar-el-modelo-informativo-de-arrendamientos-de-corta-duracion-como-hacerlo-paso-a-paso\/","title":{"rendered":"\u00daltimo d\u00eda para presentar el modelo informativo de arrendamientos de corta duraci\u00f3n: c\u00f3mo hacerlo paso a paso"},"content":{"rendered":"<p>En 2025 entr\u00f3 en vigor el registro \u00fanico de alquileres de corta duraci\u00f3n que, en pocas palabras,<strong> obliga a los propietarios a registrar las viviendas que quieran destinar al alquiler tur\u00edstico o de temporada<\/strong>.<\/p>\n<p>Esta normativa no solo implica la necesidad de obtener el<a href=\"https:\/\/www.fotocasa.es\/fotocasa-life\/brain\/como-se-obtiene-el-numero-de-registro-unico-para-alquilar-habitaciones\/\"><strong> n\u00famero de registro \u00fanico de alquiler<\/strong> <\/a>(NRUA) para poder poner las viviendas en el mercado a trav\u00e9s de una plataforma online, sino que tambi\u00e9n obliga a <strong>presentar cada a\u00f1o el modelo informativo de arrendamientos de corta duraci\u00f3n.<\/strong> Y el plazo para presentarlo este a\u00f1o termina hoy, 2 de marzo.<\/p>\n<p>En Fotocasa te explicamos qu\u00e9 es esta declaraci\u00f3n informativa, qui\u00e9n debe presentarla y c\u00f3mo hacerlo paso a paso.<\/p>\n<h2><!--more--><br \/>\n\u00bfQu\u00e9 es el modelo informativo de arrendamientos de corta duraci\u00f3n?<\/h2>\n<p>Es <strong>una declaraci\u00f3n obligatoria<\/strong> que debemos presentar cada doce meses, tal y como establece el art\u00edculo 10.4 del<a href=\"https:\/\/www.boe.es\/diario_boe\/txt.php?id=BOE-A-2024-26931\" target=\"_blank\" rel=\"noopener\"><strong> Real Decreto 1312\/2024<\/strong><\/a>.<\/p>\n<p>Sirve para informar a la Administraci\u00f3n de todos los alquileres tur\u00edsticos o de temporada que hayamos tenido durante el a\u00f1o anterior (el a\u00f1o 2025 en este caso).<\/p>\n<p>Estamos <strong>obligados a presentar este modelo si, el a\u00f1o pasado, solicitamos un n\u00famero en el registro<\/strong> <strong>\u00fanico de alquileres de corta duraci\u00f3n <\/strong>y lo obtuvimos.<\/p>\n<section class=\"mini-posts\"><div class=\"row align-items-center\"><div class=\"col-4 col-md-3 pt-2 pb-2\"><div class=\"mini-posts__image\"><a href=\"https:\/\/www.fotocasa.es\/fotocasa-life\/alquiler\/ley-alquiler-temporal-y-habitaciones\/\"><img decoding=\"async\" src=\"https:\/\/www.fotocasa.es\/fotocasa-life\/wp-content\/uploads\/2024\/10\/ley-de-alquiler-temporal-355x230.jpg\" alt=\"Desde el 1 de julio se activa la Ventanilla \u00danica para alquileres temporales\" title=\"-\"><\/a><\/div><\/div><div class=\"col-8 col-md-9 pt-2 pb-2\"><h3 class=\"mini-posts__title\"><a href=\"https:\/\/www.fotocasa.es\/fotocasa-life\/alquiler\/ley-alquiler-temporal-y-habitaciones\/\">Desde el 1 de julio se activa la Ventanilla \u00danica para alquileres temporales<\/a><\/h3><\/div><\/div><\/section>\n<h3>\u00bfEs obligatorio solicitar el n\u00famero de registro de alquiler de corta duraci\u00f3n?<\/h3>\n<p>No olvidemos que, desde 2025, <strong>es obligatorio solicitar el n\u00famero para poder comercializar una vivienda de uso temporal o tur\u00edstico por Internet<\/strong>. Esta obligaci\u00f3n aplica a los siguientes tipos de alquiler:<\/p>\n<ul>\n<li>Alquileres vacacionales promocionados a trav\u00e9s de plataformas online.<\/li>\n<li>Alquileres de temporada (disponibles para trabajadores, estudiantes, personas que vayan a recibir un tratamiento m\u00e9dico&#8230;) promocionados a trav\u00e9s de plataformas online.<\/li>\n<\/ul>\n","protected":false},"excerpt":{"rendered":"<p>El plazo para presentar el modelo informativo de arrendamientos de corta duraci\u00f3n termina hoy, 2 de marzo de 2026. Te explicamos c\u00f3mo presentarlo paso a paso.<\/p>\n","protected":false},"author":283,"featured_media":100752,"comment_status":"open","ping_status":"closed","sticky":false,"template":"","format":"standard","meta":{"_lmt_disableupdate":"yes","_lmt_disable":"","footnotes":""},"categories":[2],"tags":[4489,1859,10332,14203,14205,14204,14207,14206],"class_list":["post-100746","post","type-post","status-publish","format-standard","has-post-thumbnail","hentry","category-alquiler","tag-alquilar","tag-alquiler","tag-alquiler-temporal","tag-modelo-informativo-de-arrendamientos-de-corta-duracion","tag-nrua","tag-numero-de-registro-unico-de-alquiler","tag-registro-alquileres","tag-registro-unico-de-alquileres-de-corta-duracion"],"modified_by":"Javier Mezcua","_links":{"self":[{"href":"https:\/\/www.fotocasa.es\/fotocasa-life\/wp-json\/wp\/v2\/posts\/100746","targetHints":{"allow":["GET"]}}],"collection":[{"href":"https:\/\/www.fotocasa.es\/fotocasa-life\/wp-json\/wp\/v2\/posts"}],"about":[{"href":"https:\/\/www.fotocasa.es\/fotocasa-life\/wp-json\/wp\/v2\/types\/post"}],"author":[{"embeddable":true,"href":"https:\/\/www.fotocasa.es\/fotocasa-life\/wp-json\/wp\/v2\/users\/283"}],"replies":[{"embeddable":true,"href":"https:\/\/www.fotocasa.es\/fotocasa-life\/wp-json\/wp\/v2\/comments?post=100746"}],"version-history":[{"count":0,"href":"https:\/\/www.fotocasa.es\/fotocasa-life\/wp-json\/wp\/v2\/posts\/100746\/revisions"}],"wp:featuredmedia":[{"embeddable":true,"href":"https:\/\/www.fotocasa.es\/fotocasa-life\/wp-json\/wp\/v2\/media\/100752"}],"wp:attachment":[{"href":"https:\/\/www.fotocasa.es\/fotocasa-life\/wp-json\/wp\/v2\/media?parent=100746"}],"wp:term":[{"taxonomy":"category","embeddable":true,"href":"https:\/\/www.fotocasa.es\/fotocasa-life\/wp-json\/wp\/v2\/categories?post=100746"},{"taxonomy":"post_tag","embeddable":true,"href":"https:\/\/www.fotocasa.es\/fotocasa-life\/wp-json\/wp\/v2\/tags?post=100746"}],"curies":[{"name":"wp","href":"https:\/\/api.w.org\/{rel}","templated":true}]}}